{"id":138,"date":"2015-12-06T13:49:26","date_gmt":"2015-12-06T12:49:26","guid":{"rendered":"https:\/\/atelierweiss.wordpress.com\/?p=138"},"modified":"2018-05-05T18:56:28","modified_gmt":"2018-05-05T17:56:28","slug":"neue-figur-in-karlstein-merowinger","status":"publish","type":"post","link":"http:\/\/atelierweiss.de\/?p=138","title":{"rendered":"Neue Figur in Karlstein: Merowinger"},"content":{"rendered":"<p>Seit November ist eine neue Figur in der Abteilung &#8222;Siedlungsgeschichte&#8220; des <a href=\"http:\/\/www.geschichtsverein-karlstein.de\/siedlungsgeschichte.html\" target=\"_blank\">Heimatmuseums Karlstein<\/a> zu sehen.<\/p>\n<div data-carousel-extra='{\"blog_id\":1,\"permalink\":\"http:\\\/\\\/atelierweiss.de\\\/?p=138\"}' id='gallery-1' class='gallery galleryid-138 gallery-columns-3 gallery-size-thumbnail'><figure class='gallery-item'>\n\t\t\t<div class='gallery-icon landscape'>\n\t\t\t\t<img width=\"150\" height=\"150\" src=\"https:\/\/i2.wp.com\/atelierweiss.de\/wp-content\/uploads\/2015\/12\/mero_kleiner.jpg?resize=150%2C150\" class=\"attachment-thumbnail size-thumbnail\" alt=\"\" loading=\"lazy\" aria-describedby=\"gallery-1-141\" srcset=\"https:\/\/i2.wp.com\/atelierweiss.de\/wp-content\/uploads\/2015\/12\/mero_kleiner.jpg?resize=150%2C150 150w, https:\/\/i2.wp.com\/atelierweiss.de\/wp-content\/uploads\/2015\/12\/mero_kleiner.jpg?resize=100%2C100 100w, https:\/\/i2.wp.com\/atelierweiss.de\/wp-content\/uploads\/2015\/12\/mero_kleiner.jpg?zoom=2&amp;resize=150%2C150 300w, https:\/\/i2.wp.com\/atelierweiss.de\/wp-content\/uploads\/2015\/12\/mero_kleiner.jpg?zoom=3&amp;resize=150%2C150 450w\" sizes=\"100vw\" data-attachment-id=\"141\" data-permalink=\"http:\/\/atelierweiss.de\/?attachment_id=141\" data-orig-file=\"https:\/\/i2.wp.com\/atelierweiss.de\/wp-content\/uploads\/2015\/12\/mero_kleiner.jpg?fit=1095%2C821\" data-orig-size=\"1095,821\" data-comments-opened=\"1\" data-image-meta=\"{&quot;aperture&quot;:&quot;0&quot;,&quot;credit&quot;:&quot;&quot;,&quot;camera&quot;:&quot;&quot;,&quot;caption&quot;:&quot;&quot;,&quot;created_timestamp&quot;:&quot;0&quot;,&quot;copyright&quot;:&quot;&quot;,&quot;focal_length&quot;:&quot;0&quot;,&quot;iso&quot;:&quot;0&quot;,&quot;shutter_speed&quot;:&quot;0&quot;,&quot;title&quot;:&quot;&quot;,&quot;orientation&quot;:&quot;0&quot;}\" data-image-title=\"Merowinger Kopf\" data-image-description=\"\" data-medium-file=\"https:\/\/i2.wp.com\/atelierweiss.de\/wp-content\/uploads\/2015\/12\/mero_kleiner.jpg?fit=300%2C225\" data-large-file=\"https:\/\/i2.wp.com\/atelierweiss.de\/wp-content\/uploads\/2015\/12\/mero_kleiner.jpg?fit=525%2C394\" \/>\n\t\t\t<\/div>\n\t\t\t\t<figcaption class='wp-caption-text gallery-caption' id='gallery-1-141'>\n\t\t\t\tMerowinger Kopf\n\t\t\t\t<\/figcaption><\/figure><figure class='gallery-item'>\n\t\t\t<div class='gallery-icon portrait'>\n\t\t\t\t<img width=\"150\" height=\"150\" src=\"https:\/\/i0.wp.com\/atelierweiss.de\/wp-content\/uploads\/2015\/12\/mero_sitzend_kleiner.jpg?resize=150%2C150\" class=\"attachment-thumbnail size-thumbnail\" alt=\"\" loading=\"lazy\" aria-describedby=\"gallery-1-142\" srcset=\"https:\/\/i0.wp.com\/atelierweiss.de\/wp-content\/uploads\/2015\/12\/mero_sitzend_kleiner.jpg?resize=150%2C150 150w, https:\/\/i0.wp.com\/atelierweiss.de\/wp-content\/uploads\/2015\/12\/mero_sitzend_kleiner.jpg?resize=100%2C100 100w, https:\/\/i0.wp.com\/atelierweiss.de\/wp-content\/uploads\/2015\/12\/mero_sitzend_kleiner.jpg?zoom=2&amp;resize=150%2C150 300w, https:\/\/i0.wp.com\/atelierweiss.de\/wp-content\/uploads\/2015\/12\/mero_sitzend_kleiner.jpg?zoom=3&amp;resize=150%2C150 450w\" sizes=\"100vw\" data-attachment-id=\"142\" data-permalink=\"http:\/\/atelierweiss.de\/?attachment_id=142\" data-orig-file=\"https:\/\/i0.wp.com\/atelierweiss.de\/wp-content\/uploads\/2015\/12\/mero_sitzend_kleiner.jpg?fit=800%2C1200\" data-orig-size=\"800,1200\" data-comments-opened=\"1\" data-image-meta=\"{&quot;aperture&quot;:&quot;1.8&quot;,&quot;credit&quot;:&quot;&quot;,&quot;camera&quot;:&quot;XQ1&quot;,&quot;caption&quot;:&quot;&quot;,&quot;created_timestamp&quot;:&quot;1448165195&quot;,&quot;copyright&quot;:&quot;&quot;,&quot;focal_length&quot;:&quot;6.4&quot;,&quot;iso&quot;:&quot;160&quot;,&quot;shutter_speed&quot;:&quot;0.033333333333333&quot;,&quot;title&quot;:&quot;&quot;,&quot;orientation&quot;:&quot;1&quot;}\" data-image-title=\"Merowinger sitzend\" data-image-description=\"\" data-medium-file=\"https:\/\/i0.wp.com\/atelierweiss.de\/wp-content\/uploads\/2015\/12\/mero_sitzend_kleiner.jpg?fit=200%2C300\" data-large-file=\"https:\/\/i0.wp.com\/atelierweiss.de\/wp-content\/uploads\/2015\/12\/mero_sitzend_kleiner.jpg?fit=525%2C787\" \/>\n\t\t\t<\/div>\n\t\t\t\t<figcaption class='wp-caption-text gallery-caption' id='gallery-1-142'>\n\t\t\t\tMerowinger sitzend\n\t\t\t\t<\/figcaption><\/figure><figure class='gallery-item'>\n\t\t\t<div class='gallery-icon landscape'>\n\t\t\t\t<img width=\"150\" height=\"150\" src=\"https:\/\/i2.wp.com\/atelierweiss.de\/wp-content\/uploads\/2015\/12\/mainecho.jpg?resize=150%2C150\" class=\"attachment-thumbnail size-thumbnail\" alt=\"\" loading=\"lazy\" aria-describedby=\"gallery-1-145\" srcset=\"https:\/\/i2.wp.com\/atelierweiss.de\/wp-content\/uploads\/2015\/12\/mainecho.jpg?resize=150%2C150 150w, https:\/\/i2.wp.com\/atelierweiss.de\/wp-content\/uploads\/2015\/12\/mainecho.jpg?resize=100%2C100 100w, https:\/\/i2.wp.com\/atelierweiss.de\/wp-content\/uploads\/2015\/12\/mainecho.jpg?zoom=2&amp;resize=150%2C150 300w, https:\/\/i2.wp.com\/atelierweiss.de\/wp-content\/uploads\/2015\/12\/mainecho.jpg?zoom=3&amp;resize=150%2C150 450w\" sizes=\"100vw\" data-attachment-id=\"145\" data-permalink=\"http:\/\/atelierweiss.de\/?attachment_id=145\" data-orig-file=\"https:\/\/i2.wp.com\/atelierweiss.de\/wp-content\/uploads\/2015\/12\/mainecho.jpg?fit=659%2C624\" data-orig-size=\"659,624\" data-comments-opened=\"1\" data-image-meta=\"{&quot;aperture&quot;:&quot;0&quot;,&quot;credit&quot;:&quot;&quot;,&quot;camera&quot;:&quot;&quot;,&quot;caption&quot;:&quot;&quot;,&quot;created_timestamp&quot;:&quot;0&quot;,&quot;copyright&quot;:&quot;&quot;,&quot;focal_length&quot;:&quot;0&quot;,&quot;iso&quot;:&quot;0&quot;,&quot;shutter_speed&quot;:&quot;0&quot;,&quot;title&quot;:&quot;&quot;,&quot;orientation&quot;:&quot;1&quot;}\" data-image-title=\"Main Echo Beitrag\" data-image-description=\"\" data-medium-file=\"https:\/\/i2.wp.com\/atelierweiss.de\/wp-content\/uploads\/2015\/12\/mainecho.jpg?fit=300%2C284\" data-large-file=\"https:\/\/i2.wp.com\/atelierweiss.de\/wp-content\/uploads\/2015\/12\/mainecho.jpg?fit=525%2C497\" \/>\n\t\t\t<\/div>\n\t\t\t\t<figcaption class='wp-caption-text gallery-caption' id='gallery-1-145'>\n\t\t\t\tMain Echo 22. Nov 2015 &#8211; Pressebericht \u00fcber die Ausstellung\n\t\t\t\t<\/figcaption><\/figure>\n\t\t<\/div>\n\n","protected":false},"excerpt":{"rendered":"<p>Seit November ist eine neue Figur in der Abteilung &#8222;Siedlungsgeschichte&#8220; des Heimatmuseums Karlstein zu sehen.<\/p>\n","protected":false},"author":1,"featured_media":141,"comment_status":"open","ping_status":"open","sticky":false,"template":"","format":"standard","meta":{"spay_email":"","jetpack_publicize_message":"","jetpack_is_tweetstorm":false},"categories":[2],"tags":[63,60,67,61,28,73],"jetpack_featured_media_url":"https:\/\/i2.wp.com\/atelierweiss.de\/wp-content\/uploads\/2015\/12\/mero_kleiner.jpg?fit=1095%2C821","jetpack_publicize_connections":[],"jetpack_sharing_enabled":true,"jetpack_shortlink":"https:\/\/wp.me\/p8EyI2-2e","jetpack-related-posts":[{"id":5,"url":"http:\/\/atelierweiss.de\/?p=5","url_meta":{"origin":138,"position":0},"title":"Ariel Sharon figur","date":"November 18, 2010","format":false,"excerpt":"Die von Atelier Wei\u00df in Wax angefertigte Figur von Ariel Sharon f\u00fcr die Installation des K\u00fcnstlers Noam Braslavsky ist im anerkannte Blog Huffington Post genannt: http:\/\/www.huffingtonpost.com\/2010\/10\/19\/sculpture-of-ariel-sharon_n_768390.html","rel":"","context":"In &quot;Presse&quot;","img":{"alt_text":"F\u00fcr den K\u00fcnstler Noam Braslavsky angefertigt","src":"https:\/\/i2.wp.com\/atelierweiss.de\/wp-content\/uploads\/2010\/11\/getty-sharon1.jpg?resize=350%2C200","width":350,"height":200},"classes":[]},{"id":16,"url":"http:\/\/atelierweiss.de\/?p=16","url_meta":{"origin":138,"position":1},"title":"Video von der Herstellung","date":"November 20, 2010","format":false,"excerpt":"Atelierweiss hat im Januar 2010 ein Figur f\u00fcr das Mainzer Landesmuseum angefertigt. http:\/\/www.allgemeine-zeitung.de\/region\/mainz\/meldungen\/8261755.htm Hier k\u00f6nnen sie ein kurzes Video der Herstellung sehen:","rel":"","context":"In &quot;Presse&quot;","img":{"alt_text":"","src":"https:\/\/i0.wp.com\/img.youtube.com\/vi\/bDY9jYdgLSo\/0.jpg?resize=350%2C200","width":350,"height":200},"classes":[]},{"id":238,"url":"http:\/\/atelierweiss.de\/?p=238","url_meta":{"origin":138,"position":2},"title":"Figurine Karl Marx","date":"April 29, 2018","format":false,"excerpt":"F\u00fcr das Karl Marx Jahr in Trier wurde eine realistische Figurine erstellt. Diese Figur wurde im Vorfeld der Ausstellung auf Messen und Veranstaltungen zu Werbezwecken pr\u00e4sentiert. Die Ausstellungen wurden in Trier am 5. Mai 2018 er\u00f6ffnet: https:\/\/www.karl-marx-ausstellung.de\/home.html Hier finden Sie ein Video des ZDF zum Thema: https:\/\/www.zdf.de\/nachrichten\/zdf-morgenmagazin\/trier-feiert-karl-marx-100.html","rel":"","context":"In &quot;Figuren&quot;","img":{"alt_text":"","src":"https:\/\/i2.wp.com\/atelierweiss.de\/wp-content\/uploads\/2018\/04\/Karl-2-sw.jpg?fit=1200%2C900&resize=350%2C200","width":350,"height":200},"classes":[]},{"id":271,"url":"http:\/\/atelierweiss.de\/?p=271","url_meta":{"origin":138,"position":3},"title":"Trierischer Volksfreund vom 17.4.2024","date":"Mai 19, 2024","format":false,"excerpt":"Neue Figuren im kleines Museum Hillesheim, Bolsdorf.","rel":"","context":"In &quot;Presse&quot;","img":{"alt_text":"Volksfreund","src":"https:\/\/i2.wp.com\/atelierweiss.de\/wp-content\/uploads\/2024\/05\/2024-Kleines-Museum1.jpeg?fit=939%2C725&resize=350%2C200","width":350,"height":200},"classes":[]},{"id":110,"url":"http:\/\/atelierweiss.de\/?p=110","url_meta":{"origin":138,"position":4},"title":"Aktuelle Arbeiten","date":"Dezember 8, 2013","format":false,"excerpt":"Es wurden mehrere K\u00f6rperteile f\u00fcr verschiedene Pr\u00e4sentationen hergestellt. Diese zusammen mit einer Schaufensterfigur und der entsprechenden Kleidung ergeben einen realistichen Eindruck. Im Portfolio sind neue Arbeiten hinzugef\u00fcgt.","rel":"","context":"In &quot;Figuren&quot;","img":{"alt_text":"","src":"https:\/\/i2.wp.com\/atelierweiss.de\/wp-content\/uploads\/2013\/12\/studie1.jpg?resize=350%2C200","width":350,"height":200},"classes":[]},{"id":121,"url":"http:\/\/atelierweiss.de\/?p=121","url_meta":{"origin":138,"position":5},"title":"Neue Materialstudien","date":"Juni 22, 2014","format":false,"excerpt":"In letzter Zeit wird immer mehr unempfindliches Material erw\u00fcnscht. Atelier Wei\u00df bietet deshalb Figurinen in stabilem und UV-best\u00e4ndigem Silikon an. Hier ein paar Beispiele mit Permanent-Makeup angefertigt f\u00fcr ein Museum in Nord-Deutschland:","rel":"","context":"In &quot;Figuren&quot;","img":{"alt_text":"","src":"https:\/\/i0.wp.com\/atelierweiss.de\/wp-content\/uploads\/2014\/06\/threenew.jpg?fit=905%2C524&resize=350%2C200","width":350,"height":200},"classes":[]}],"_links":{"self":[{"href":"http:\/\/atelierweiss.de\/index.php?rest_route=\/wp\/v2\/posts\/138"}],"collection":[{"href":"http:\/\/atelierweiss.de\/index.php?rest_route=\/wp\/v2\/posts"}],"about":[{"href":"http:\/\/atelierweiss.de\/index.php?rest_route=\/wp\/v2\/types\/post"}],"author":[{"embeddable":true,"href":"http:\/\/atelierweiss.de\/index.php?rest_route=\/wp\/v2\/users\/1"}],"replies":[{"embeddable":true,"href":"http:\/\/atelierweiss.de\/index.php?rest_route=%2Fwp%2Fv2%2Fcomments&post=138"}],"version-history":[{"count":1,"href":"http:\/\/atelierweiss.de\/index.php?rest_route=\/wp\/v2\/posts\/138\/revisions"}],"predecessor-version":[{"id":173,"href":"http:\/\/atelierweiss.de\/index.php?rest_route=\/wp\/v2\/posts\/138\/revisions\/173"}],"wp:featuredmedia":[{"embeddable":true,"href":"http:\/\/atelierweiss.de\/index.php?rest_route=\/wp\/v2\/media\/141"}],"wp:attachment":[{"href":"http:\/\/atelierweiss.de\/index.php?rest_route=%2Fwp%2Fv2%2Fmedia&parent=138"}],"wp:term":[{"taxonomy":"category","embeddable":true,"href":"http:\/\/atelierweiss.de\/index.php?rest_route=%2Fwp%2Fv2%2Fcategories&post=138"},{"taxonomy":"post_tag","embeddable":true,"href":"http:\/\/atelierweiss.de\/index.php?rest_route=%2Fwp%2Fv2%2Ftags&post=138"}],"curies":[{"name":"wp","href":"https:\/\/api.w.org\/{rel}","templated":true}]}}