{"id":16,"date":"2010-11-20T20:29:11","date_gmt":"2010-11-20T19:29:11","guid":{"rendered":"http:\/\/atelierweiss.wordpress.com\/?p=16"},"modified":"2017-04-22T15:29:28","modified_gmt":"2017-04-22T14:29:28","slug":"video-von-herstellung","status":"publish","type":"post","link":"http:\/\/atelierweiss.de\/?p=16","title":{"rendered":"Video von der Herstellung"},"content":{"rendered":"<p>Atelierweiss hat im Januar 2010 ein Figur f\u00fcr das Mainzer Landesmuseum angefertigt.<\/p>\n<p><a title=\"Letzte Ruhe f\u00fcr den F\u00fcrst von Planig\" href=\"http:\/\/www.allgemeine-zeitung.de\/region\/mainz\/meldungen\/8261755.htm\" target=\"_blank\">http:\/\/www.allgemeine-zeitung.de\/region\/mainz\/meldungen\/8261755.htm<\/a><\/p>\n<p>Hier k\u00f6nnen sie ein kurzes Video der Herstellung sehen:<\/p>\n<span class=\"embed-youtube\" style=\"text-align:center; display: block;\"><iframe class='youtube-player' width='525' height='296' src='https:\/\/www.youtube.com\/embed\/bDY9jYdgLSo?version=3&#038;rel=1&#038;showsearch=0&#038;showinfo=1&#038;iv_load_policy=1&#038;fs=1&#038;hl=de-DE&#038;autohide=2&#038;wmode=transparent' allowfullscreen='true' style='border:0;' sandbox='allow-scripts allow-same-origin allow-popups allow-presentation'><\/iframe><\/span>\n","protected":false},"excerpt":{"rendered":"<p>Atelierweiss hat im Januar 2010 ein Figur f\u00fcr das Mainzer Landesmuseum angefertigt. http:\/\/www.allgemeine-zeitung.de\/region\/mainz\/meldungen\/8261755.htm Hier k\u00f6nnen sie ein kurzes Video der Herstellung sehen:<\/p>\n","protected":false},"author":1,"featured_media":0,"comment_status":"open","ping_status":"open","sticky":false,"template":"","format":"standard","meta":{"spay_email":"","jetpack_publicize_message":"","jetpack_is_tweetstorm":false},"categories":[4,6],"tags":[],"jetpack_featured_media_url":"","jetpack_publicize_connections":[],"jetpack_sharing_enabled":true,"jetpack_shortlink":"https:\/\/wp.me\/p8EyI2-g","jetpack-related-posts":[{"id":238,"url":"http:\/\/atelierweiss.de\/?p=238","url_meta":{"origin":16,"position":0},"title":"Figurine Karl Marx","date":"April 29, 2018","format":false,"excerpt":"F\u00fcr das Karl Marx Jahr in Trier wurde eine realistische Figurine erstellt. Diese Figur wurde im Vorfeld der Ausstellung auf Messen und Veranstaltungen zu Werbezwecken pr\u00e4sentiert. Die Ausstellungen wurden in Trier am 5. Mai 2018 er\u00f6ffnet: https:\/\/www.karl-marx-ausstellung.de\/home.html Hier finden Sie ein Video des ZDF zum Thema: https:\/\/www.zdf.de\/nachrichten\/zdf-morgenmagazin\/trier-feiert-karl-marx-100.html","rel":"","context":"In &quot;Figuren&quot;","img":{"alt_text":"","src":"https:\/\/i2.wp.com\/atelierweiss.de\/wp-content\/uploads\/2018\/04\/Karl-2-sw.jpg?fit=1200%2C900&resize=350%2C200","width":350,"height":200},"classes":[]},{"id":181,"url":"http:\/\/atelierweiss.de\/?p=181","url_meta":{"origin":16,"position":1},"title":"Figurinen f\u00fcr bayerisches Museum","date":"November 22, 2016","format":false,"excerpt":"Atelierweiss fertigte Ende 2016\u00a0zwei\u00a0Figurinen f\u00fcr eine Ausstellung in Bayern. Zur Zeit wird die Kleidung erstellt und angepasst. Wir freuen uns auf die Er\u00f6ffnung der neuen Ausstellung.","rel":"","context":"In &quot;Figuren&quot;","img":{"alt_text":"","src":"https:\/\/i1.wp.com\/atelierweiss.de\/wp-content\/uploads\/2017\/04\/PB184040.jpg?fit=1200%2C900&resize=350%2C200","width":350,"height":200},"classes":[]},{"id":43,"url":"http:\/\/atelierweiss.de\/?p=43","url_meta":{"origin":16,"position":2},"title":"Drei Haseln\u00fcsse f\u00fcr Aschenbr\u00f6del","date":"November 26, 2011","format":false,"excerpt":"Zur tollen Ausstellung Drei Haseln\u00fcsse f\u00fcr Aschenbr\u00f6del im Schlo\u00df Moritzburg sind von Atelier Wei\u00df zwei Figuren angefertigt worden. Die Figuren tanzen zur Musik von Karel Svoboda. Hier ein Video aus der Ausstellung: tanzende Figuren Zur Ausstellung k\u00f6nnen Sie hier weiterlesen: www.maerchenschloss-moritzburg.de","rel":"","context":"In &quot;Neuigkeiten&quot;","img":{"alt_text":"","src":"https:\/\/i1.wp.com\/atelierweiss.de\/wp-content\/uploads\/2011\/11\/ausstellungmoritzburg.jpg?resize=350%2C200","width":350,"height":200},"classes":[]},{"id":121,"url":"http:\/\/atelierweiss.de\/?p=121","url_meta":{"origin":16,"position":3},"title":"Neue Materialstudien","date":"Juni 22, 2014","format":false,"excerpt":"In letzter Zeit wird immer mehr unempfindliches Material erw\u00fcnscht. Atelier Wei\u00df bietet deshalb Figurinen in stabilem und UV-best\u00e4ndigem Silikon an. Hier ein paar Beispiele mit Permanent-Makeup angefertigt f\u00fcr ein Museum in Nord-Deutschland:","rel":"","context":"In &quot;Figuren&quot;","img":{"alt_text":"","src":"https:\/\/i0.wp.com\/atelierweiss.de\/wp-content\/uploads\/2014\/06\/threenew.jpg?fit=905%2C524&resize=350%2C200","width":350,"height":200},"classes":[]},{"id":138,"url":"http:\/\/atelierweiss.de\/?p=138","url_meta":{"origin":16,"position":4},"title":"Neue Figur in Karlstein: Merowinger","date":"Dezember 6, 2015","format":false,"excerpt":"Seit November ist eine neue Figur in der Abteilung \"Siedlungsgeschichte\" des Heimatmuseums Karlstein zu sehen.","rel":"","context":"In &quot;Figuren&quot;","img":{"alt_text":"","src":"https:\/\/i2.wp.com\/atelierweiss.de\/wp-content\/uploads\/2015\/12\/mero_kleiner.jpg?fit=1095%2C821&resize=350%2C200","width":350,"height":200},"classes":[]},{"id":110,"url":"http:\/\/atelierweiss.de\/?p=110","url_meta":{"origin":16,"position":5},"title":"Aktuelle Arbeiten","date":"Dezember 8, 2013","format":false,"excerpt":"Es wurden mehrere K\u00f6rperteile f\u00fcr verschiedene Pr\u00e4sentationen hergestellt. Diese zusammen mit einer Schaufensterfigur und der entsprechenden Kleidung ergeben einen realistichen Eindruck. Im Portfolio sind neue Arbeiten hinzugef\u00fcgt.","rel":"","context":"In &quot;Figuren&quot;","img":{"alt_text":"","src":"https:\/\/i2.wp.com\/atelierweiss.de\/wp-content\/uploads\/2013\/12\/studie1.jpg?resize=350%2C200","width":350,"height":200},"classes":[]}],"_links":{"self":[{"href":"http:\/\/atelierweiss.de\/index.php?rest_route=\/wp\/v2\/posts\/16"}],"collection":[{"href":"http:\/\/atelierweiss.de\/index.php?rest_route=\/wp\/v2\/posts"}],"about":[{"href":"http:\/\/atelierweiss.de\/index.php?rest_route=\/wp\/v2\/types\/post"}],"author":[{"embeddable":true,"href":"http:\/\/atelierweiss.de\/index.php?rest_route=\/wp\/v2\/users\/1"}],"replies":[{"embeddable":true,"href":"http:\/\/atelierweiss.de\/index.php?rest_route=%2Fwp%2Fv2%2Fcomments&post=16"}],"version-history":[{"count":1,"href":"http:\/\/atelierweiss.de\/index.php?rest_route=\/wp\/v2\/posts\/16\/revisions"}],"predecessor-version":[{"id":179,"href":"http:\/\/atelierweiss.de\/index.php?rest_route=\/wp\/v2\/posts\/16\/revisions\/179"}],"wp:attachment":[{"href":"http:\/\/atelierweiss.de\/index.php?rest_route=%2Fwp%2Fv2%2Fmedia&parent=16"}],"wp:term":[{"taxonomy":"category","embeddable":true,"href":"http:\/\/atelierweiss.de\/index.php?rest_route=%2Fwp%2Fv2%2Fcategories&post=16"},{"taxonomy":"post_tag","embeddable":true,"href":"http:\/\/atelierweiss.de\/index.php?rest_route=%2Fwp%2Fv2%2Ftags&post=16"}],"curies":[{"name":"wp","href":"https:\/\/api.w.org\/{rel}","templated":true}]}}