{"id":181,"date":"2016-11-22T15:52:05","date_gmt":"2016-11-22T14:52:05","guid":{"rendered":"http:\/\/atelierweiss.de\/?p=181"},"modified":"2018-05-05T20:07:28","modified_gmt":"2018-05-05T19:07:28","slug":"figurinen-fuer-bayerisches-museum","status":"publish","type":"post","link":"http:\/\/atelierweiss.de\/?p=181","title":{"rendered":"Figurinen f\u00fcr bayerisches Museum"},"content":{"rendered":"<p>Atelierweiss fertigte Ende 2016\u00a0zwei\u00a0Figurinen f\u00fcr eine Ausstellung in Bayern. Zur Zeit wird die Kleidung erstellt und angepasst. Wir freuen uns auf die Er\u00f6ffnung der neuen Ausstellung.<\/p>\n<figure id=\"attachment_182\" aria-describedby=\"caption-attachment-182\" style=\"width: 300px\" class=\"wp-caption alignnone\"><img data-attachment-id=\"182\" data-permalink=\"http:\/\/atelierweiss.de\/?attachment_id=182\" data-orig-file=\"https:\/\/i1.wp.com\/atelierweiss.de\/wp-content\/uploads\/2017\/04\/PB184040.jpg?fit=1280%2C960\" data-orig-size=\"1280,960\" data-comments-opened=\"1\" data-image-meta=\"{&quot;aperture&quot;:&quot;5&quot;,&quot;credit&quot;:&quot;&quot;,&quot;camera&quot;:&quot;E-520&quot;,&quot;caption&quot;:&quot;OLYMPUS DIGITAL CAMERA&quot;,&quot;created_timestamp&quot;:&quot;1479472082&quot;,&quot;copyright&quot;:&quot;&quot;,&quot;focal_length&quot;:&quot;28&quot;,&quot;iso&quot;:&quot;100&quot;,&quot;shutter_speed&quot;:&quot;0.016666666666667&quot;,&quot;title&quot;:&quot;OLYMPUS DIGITAL CAMERA&quot;,&quot;orientation&quot;:&quot;1&quot;}\" data-image-title=\"Josef Groll\" data-image-description=\"\" data-medium-file=\"https:\/\/i1.wp.com\/atelierweiss.de\/wp-content\/uploads\/2017\/04\/PB184040.jpg?fit=300%2C225\" data-large-file=\"https:\/\/i1.wp.com\/atelierweiss.de\/wp-content\/uploads\/2017\/04\/PB184040.jpg?fit=525%2C394\" loading=\"lazy\" class=\"size-medium wp-image-182\" src=\"https:\/\/i1.wp.com\/atelierweiss.de\/wp-content\/uploads\/2017\/04\/PB184040.jpg?resize=300%2C225\" alt=\"\" width=\"300\" height=\"225\" srcset=\"https:\/\/i1.wp.com\/atelierweiss.de\/wp-content\/uploads\/2017\/04\/PB184040.jpg?resize=300%2C225 300w, https:\/\/i1.wp.com\/atelierweiss.de\/wp-content\/uploads\/2017\/04\/PB184040.jpg?resize=768%2C576 768w, https:\/\/i1.wp.com\/atelierweiss.de\/wp-content\/uploads\/2017\/04\/PB184040.jpg?resize=1024%2C768 1024w, https:\/\/i1.wp.com\/atelierweiss.de\/wp-content\/uploads\/2017\/04\/PB184040.jpg?w=1280 1280w\" sizes=\"(max-width: 300px) 100vw, 300px\" data-recalc-dims=\"1\" \/><figcaption id=\"caption-attachment-182\" class=\"wp-caption-text\">Josef Groll<\/figcaption><\/figure>\n<figure id=\"attachment_183\" aria-describedby=\"caption-attachment-183\" style=\"width: 300px\" class=\"wp-caption alignnone\"><img data-attachment-id=\"183\" data-permalink=\"http:\/\/atelierweiss.de\/?attachment_id=183\" data-orig-file=\"https:\/\/i1.wp.com\/atelierweiss.de\/wp-content\/uploads\/2017\/04\/PB184045.jpg?fit=1280%2C960\" data-orig-size=\"1280,960\" data-comments-opened=\"1\" data-image-meta=\"{&quot;aperture&quot;:&quot;5&quot;,&quot;credit&quot;:&quot;&quot;,&quot;camera&quot;:&quot;E-520&quot;,&quot;caption&quot;:&quot;OLYMPUS DIGITAL CAMERA&quot;,&quot;created_timestamp&quot;:&quot;1479472155&quot;,&quot;copyright&quot;:&quot;&quot;,&quot;focal_length&quot;:&quot;28&quot;,&quot;iso&quot;:&quot;100&quot;,&quot;shutter_speed&quot;:&quot;0.016666666666667&quot;,&quot;title&quot;:&quot;OLYMPUS DIGITAL CAMERA&quot;,&quot;orientation&quot;:&quot;1&quot;}\" data-image-title=\"Bayer\" data-image-description=\"\" data-medium-file=\"https:\/\/i1.wp.com\/atelierweiss.de\/wp-content\/uploads\/2017\/04\/PB184045.jpg?fit=300%2C225\" data-large-file=\"https:\/\/i1.wp.com\/atelierweiss.de\/wp-content\/uploads\/2017\/04\/PB184045.jpg?fit=525%2C394\" loading=\"lazy\" class=\"size-medium wp-image-183\" src=\"https:\/\/i1.wp.com\/atelierweiss.de\/wp-content\/uploads\/2017\/04\/PB184045.jpg?resize=300%2C225\" alt=\"\" width=\"300\" height=\"225\" srcset=\"https:\/\/i1.wp.com\/atelierweiss.de\/wp-content\/uploads\/2017\/04\/PB184045.jpg?resize=300%2C225 300w, https:\/\/i1.wp.com\/atelierweiss.de\/wp-content\/uploads\/2017\/04\/PB184045.jpg?resize=768%2C576 768w, https:\/\/i1.wp.com\/atelierweiss.de\/wp-content\/uploads\/2017\/04\/PB184045.jpg?resize=1024%2C768 1024w, https:\/\/i1.wp.com\/atelierweiss.de\/wp-content\/uploads\/2017\/04\/PB184045.jpg?w=1280 1280w\" sizes=\"(max-width: 300px) 100vw, 300px\" data-recalc-dims=\"1\" \/><figcaption id=\"caption-attachment-183\" class=\"wp-caption-text\">Bayer<\/figcaption><\/figure>\n","protected":false},"excerpt":{"rendered":"<p>Atelierweiss fertigte Ende 2016\u00a0zwei\u00a0Figurinen f\u00fcr eine Ausstellung in Bayern. Zur Zeit wird die Kleidung erstellt und angepasst. Wir freuen uns auf die Er\u00f6ffnung der neuen Ausstellung.<\/p>\n","protected":false},"author":1,"featured_media":182,"comment_status":"open","ping_status":"open","sticky":false,"template":"","format":"standard","meta":{"spay_email":"","jetpack_publicize_message":"","jetpack_is_tweetstorm":false},"categories":[2,1,3],"tags":[36,11,72,69,74,71,76,34,33,68,7,70,75,8,77,41],"jetpack_featured_media_url":"https:\/\/i1.wp.com\/atelierweiss.de\/wp-content\/uploads\/2017\/04\/PB184040.jpg?fit=1280%2C960","jetpack_publicize_connections":[],"jetpack_sharing_enabled":true,"jetpack_shortlink":"https:\/\/wp.me\/p8EyI2-2V","jetpack-related-posts":[{"id":267,"url":"http:\/\/atelierweiss.de\/?p=267","url_meta":{"origin":181,"position":0},"title":"Im R\u00f6merkastell","date":"August 21, 2021","format":false,"excerpt":"Figurinen f\u00fcr das R\u00f6merkastell, Saalburg","rel":"","context":"In &quot;Figuren&quot;","img":{"alt_text":"","src":"https:\/\/i0.wp.com\/atelierweiss.de\/wp-content\/uploads\/2021\/08\/roemische-Soldaten.jpg?fit=1200%2C900&resize=350%2C200","width":350,"height":200},"classes":[]},{"id":121,"url":"http:\/\/atelierweiss.de\/?p=121","url_meta":{"origin":181,"position":1},"title":"Neue Materialstudien","date":"Juni 22, 2014","format":false,"excerpt":"In letzter Zeit wird immer mehr unempfindliches Material erw\u00fcnscht. Atelier Wei\u00df bietet deshalb Figurinen in stabilem und UV-best\u00e4ndigem Silikon an. Hier ein paar Beispiele mit Permanent-Makeup angefertigt f\u00fcr ein Museum in Nord-Deutschland:","rel":"","context":"In &quot;Figuren&quot;","img":{"alt_text":"","src":"https:\/\/i0.wp.com\/atelierweiss.de\/wp-content\/uploads\/2014\/06\/threenew.jpg?fit=905%2C524&resize=350%2C200","width":350,"height":200},"classes":[]},{"id":43,"url":"http:\/\/atelierweiss.de\/?p=43","url_meta":{"origin":181,"position":2},"title":"Drei Haseln\u00fcsse f\u00fcr Aschenbr\u00f6del","date":"November 26, 2011","format":false,"excerpt":"Zur tollen Ausstellung Drei Haseln\u00fcsse f\u00fcr Aschenbr\u00f6del im Schlo\u00df Moritzburg sind von Atelier Wei\u00df zwei Figuren angefertigt worden. Die Figuren tanzen zur Musik von Karel Svoboda. Hier ein Video aus der Ausstellung: tanzende Figuren Zur Ausstellung k\u00f6nnen Sie hier weiterlesen: www.maerchenschloss-moritzburg.de","rel":"","context":"In &quot;Neuigkeiten&quot;","img":{"alt_text":"","src":"https:\/\/i1.wp.com\/atelierweiss.de\/wp-content\/uploads\/2011\/11\/ausstellungmoritzburg.jpg?resize=350%2C200","width":350,"height":200},"classes":[]},{"id":238,"url":"http:\/\/atelierweiss.de\/?p=238","url_meta":{"origin":181,"position":3},"title":"Figurine Karl Marx","date":"April 29, 2018","format":false,"excerpt":"F\u00fcr das Karl Marx Jahr in Trier wurde eine realistische Figurine erstellt. Diese Figur wurde im Vorfeld der Ausstellung auf Messen und Veranstaltungen zu Werbezwecken pr\u00e4sentiert. Die Ausstellungen wurden in Trier am 5. Mai 2018 er\u00f6ffnet: https:\/\/www.karl-marx-ausstellung.de\/home.html Hier finden Sie ein Video des ZDF zum Thema: https:\/\/www.zdf.de\/nachrichten\/zdf-morgenmagazin\/trier-feiert-karl-marx-100.html","rel":"","context":"In &quot;Figuren&quot;","img":{"alt_text":"","src":"https:\/\/i2.wp.com\/atelierweiss.de\/wp-content\/uploads\/2018\/04\/Karl-2-sw.jpg?fit=1200%2C900&resize=350%2C200","width":350,"height":200},"classes":[]},{"id":5,"url":"http:\/\/atelierweiss.de\/?p=5","url_meta":{"origin":181,"position":4},"title":"Ariel Sharon figur","date":"November 18, 2010","format":false,"excerpt":"Die von Atelier Wei\u00df in Wax angefertigte Figur von Ariel Sharon f\u00fcr die Installation des K\u00fcnstlers Noam Braslavsky ist im anerkannte Blog Huffington Post genannt: http:\/\/www.huffingtonpost.com\/2010\/10\/19\/sculpture-of-ariel-sharon_n_768390.html","rel":"","context":"In &quot;Presse&quot;","img":{"alt_text":"F\u00fcr den K\u00fcnstler Noam Braslavsky angefertigt","src":"https:\/\/i2.wp.com\/atelierweiss.de\/wp-content\/uploads\/2010\/11\/getty-sharon1.jpg?resize=350%2C200","width":350,"height":200},"classes":[]},{"id":271,"url":"http:\/\/atelierweiss.de\/?p=271","url_meta":{"origin":181,"position":5},"title":"Trierischer Volksfreund vom 17.4.2024","date":"Mai 19, 2024","format":false,"excerpt":"Neue Figuren im kleines Museum Hillesheim, Bolsdorf.","rel":"","context":"In &quot;Presse&quot;","img":{"alt_text":"Volksfreund","src":"https:\/\/i2.wp.com\/atelierweiss.de\/wp-content\/uploads\/2024\/05\/2024-Kleines-Museum1.jpeg?fit=939%2C725&resize=350%2C200","width":350,"height":200},"classes":[]}],"_links":{"self":[{"href":"http:\/\/atelierweiss.de\/index.php?rest_route=\/wp\/v2\/posts\/181"}],"collection":[{"href":"http:\/\/atelierweiss.de\/index.php?rest_route=\/wp\/v2\/posts"}],"about":[{"href":"http:\/\/atelierweiss.de\/index.php?rest_route=\/wp\/v2\/types\/post"}],"author":[{"embeddable":true,"href":"http:\/\/atelierweiss.de\/index.php?rest_route=\/wp\/v2\/users\/1"}],"replies":[{"embeddable":true,"href":"http:\/\/atelierweiss.de\/index.php?rest_route=%2Fwp%2Fv2%2Fcomments&post=181"}],"version-history":[{"count":1,"href":"http:\/\/atelierweiss.de\/index.php?rest_route=\/wp\/v2\/posts\/181\/revisions"}],"predecessor-version":[{"id":184,"href":"http:\/\/atelierweiss.de\/index.php?rest_route=\/wp\/v2\/posts\/181\/revisions\/184"}],"wp:featuredmedia":[{"embeddable":true,"href":"http:\/\/atelierweiss.de\/index.php?rest_route=\/wp\/v2\/media\/182"}],"wp:attachment":[{"href":"http:\/\/atelierweiss.de\/index.php?rest_route=%2Fwp%2Fv2%2Fmedia&parent=181"}],"wp:term":[{"taxonomy":"category","embeddable":true,"href":"http:\/\/atelierweiss.de\/index.php?rest_route=%2Fwp%2Fv2%2Fcategories&post=181"},{"taxonomy":"post_tag","embeddable":true,"href":"http:\/\/atelierweiss.de\/index.php?rest_route=%2Fwp%2Fv2%2Ftags&post=181"}],"curies":[{"name":"wp","href":"https:\/\/api.w.org\/{rel}","templated":true}]}}